{"id":1009,"date":"2014-10-05T20:04:17","date_gmt":"2014-10-05T20:04:17","guid":{"rendered":"http:\/\/blogg.bergmanolson.se\/?p=1009"},"modified":"2014-10-05T20:07:14","modified_gmt":"2014-10-05T20:07:14","slug":"arkivjobbet-gar-in-i-sitt-slutskede","status":"publish","type":"post","link":"https:\/\/blogg.bergmanolson.se\/?p=1009","title":{"rendered":"Arkivjobbet g\u00e5r in i sitt slutskede"},"content":{"rendered":"<div id=\"attachment_1012\" style=\"width: 650px\" class=\"wp-caption aligncenter\"><a href=\"http:\/\/media.bergmanolson.se\/2014\/10\/arkivboxar2014.jpg\"><img aria-describedby=\"caption-attachment-1012\" decoding=\"async\" loading=\"lazy\" class=\"size-large wp-image-1012\" title=\"1,7 hyllmeter arkivalier\" src=\"http:\/\/media.bergmanolson.se\/2014\/10\/arkivboxar2014-1024x815.jpg\" alt=\"\" width=\"640\" height=\"509\" srcset=\"http:\/\/media.bergmanolson.se\/2014\/10\/arkivboxar2014-1024x815.jpg 1024w, http:\/\/media.bergmanolson.se\/2014\/10\/arkivboxar2014-300x239.jpg 300w\" sizes=\"(max-width: 640px) 100vw, 640px\" \/><\/a><p id=\"caption-attachment-1012\" class=\"wp-caption-text\">1,7 hyllmeter arkivalier<\/p><\/div>\n<p>Styrelsen och ordf\u00f6rande har jobbat mycket intensivt med att samla ihop material, f\u00f6r att komplettera f\u00f6reningens arkiv p\u00e5 Stockholms stadsarkiv. Det ser ut att bli 1,7 nya hyllmeter den h\u00e4r g\u00e5ngen. Detta kommer att placeras p\u00e5 stadsarkivet under n\u00e5gon av de n\u00e4rmaste m\u00e5naderna. Detta \u00e4r ett tillskott till de ca 2,5 hyllmeter som sedan tidigare finns p\u00e5 stadsarkivet.<\/p>\n<p>Bland arkivalierna m\u00e4rks omfattande donationer fr\u00e5n sl\u00e4ktgren 73 &#8211; Addebodasamlingen (Ekman) samt mycket v\u00e4rdefulla donationer fr\u00e5n sl\u00e4ktgrenen Karin. I dessa donationer och hos f\u00f6reningen sedan tidigare finns bl.a. en hel del fotografier &#8211; fr\u00e4mst portr\u00e4tt, men ocks\u00e5 historiska milj\u00f6bilder fr\u00e5n Kalix \u00e4lvdal &#8211; som n\u00e4rmast \u00e4r unika.<\/p>\n<p>Vidare placeras nu en viss del av f\u00f6reningens egna papper i stadsarkivet.<\/p>\n","protected":false},"excerpt":{"rendered":"<p>Styrelsen och ordf\u00f6rande har jobbat mycket intensivt med att samla ihop material, f\u00f6r att komplettera f\u00f6reningens arkiv p\u00e5 Stockholms stadsarkiv. Det ser ut att bli 1,7 nya hyllmeter den h\u00e4r g\u00e5ngen. Detta kommer att placeras p\u00e5 stadsarkivet under n\u00e5gon av &hellip; <a href=\"https:\/\/blogg.bergmanolson.se\/?p=1009\">Forts\u00e4tt l\u00e4sa <span class=\"meta-nav\">&rarr;<\/span><\/a><\/p>\n","protected":false},"author":1,"featured_media":0,"comment_status":"open","ping_status":"open","sticky":false,"template":"","format":"standard","meta":[],"categories":[1],"tags":[],"_links":{"self":[{"href":"https:\/\/blogg.bergmanolson.se\/index.php?rest_route=\/wp\/v2\/posts\/1009"}],"collection":[{"href":"https:\/\/blogg.bergmanolson.se\/index.php?rest_route=\/wp\/v2\/posts"}],"about":[{"href":"https:\/\/blogg.bergmanolson.se\/index.php?rest_route=\/wp\/v2\/types\/post"}],"author":[{"embeddable":true,"href":"https:\/\/blogg.bergmanolson.se\/index.php?rest_route=\/wp\/v2\/users\/1"}],"replies":[{"embeddable":true,"href":"https:\/\/blogg.bergmanolson.se\/index.php?rest_route=%2Fwp%2Fv2%2Fcomments&post=1009"}],"version-history":[{"count":4,"href":"https:\/\/blogg.bergmanolson.se\/index.php?rest_route=\/wp\/v2\/posts\/1009\/revisions"}],"predecessor-version":[{"id":1013,"href":"https:\/\/blogg.bergmanolson.se\/index.php?rest_route=\/wp\/v2\/posts\/1009\/revisions\/1013"}],"wp:attachment":[{"href":"https:\/\/blogg.bergmanolson.se\/index.php?rest_route=%2Fwp%2Fv2%2Fmedia&parent=1009"}],"wp:term":[{"taxonomy":"category","embeddable":true,"href":"https:\/\/blogg.bergmanolson.se\/index.php?rest_route=%2Fwp%2Fv2%2Fcategories&post=1009"},{"taxonomy":"post_tag","embeddable":true,"href":"https:\/\/blogg.bergmanolson.se\/index.php?rest_route=%2Fwp%2Fv2%2Ftags&post=1009"}],"curies":[{"name":"wp","href":"https:\/\/api.w.org\/{rel}","templated":true}]}}