{"id":1026,"date":"2014-10-22T15:40:54","date_gmt":"2014-10-22T15:40:54","guid":{"rendered":"http:\/\/blogg.bergmanolson.se\/?p=1026"},"modified":"2014-10-22T15:44:21","modified_gmt":"2014-10-22T15:44:21","slug":"1026","status":"publish","type":"post","link":"https:\/\/blogg.bergmanolson.se\/?p=1026","title":{"rendered":"Unik bild \u00e5terfunnen&#8230;!"},"content":{"rendered":"<p><a href=\"http:\/\/media.bergmanolson.se\/2014\/10\/Familj-i-N\u00e4sbyn3.jpg\"><img decoding=\"async\" loading=\"lazy\" class=\"aligncenter size-full wp-image-1027\" title=\"Bergmang\u00e5rdens nya inv\u00e5nare\" src=\"http:\/\/media.bergmanolson.se\/2014\/10\/Familj-i-N\u00e4sbyn3.jpg\" alt=\"\" width=\"783\" height=\"576\" srcset=\"http:\/\/media.bergmanolson.se\/2014\/10\/Familj-i-N\u00e4sbyn3.jpg 783w, http:\/\/media.bergmanolson.se\/2014\/10\/Familj-i-N\u00e4sbyn3-300x220.jpg 300w\" sizes=\"(max-width: 783px) 100vw, 783px\" \/><\/a>Det \u00e4r mycket ont om bilder p\u00e5 Johan Bergman Olsons hemg\u00e5rd i kalixbyn N\u00e4sbyn. H\u00e4r har jag f\u00e5tt en bild av min gode v\u00e4n och kalixk\u00e4nnaren Bengt-G\u00f6ran Nilsson i Kalix. Efter lite klurande kom vi gemensamt fram till att detta \u00e4r just bergmang\u00e5rden, dvs. g\u00e5rden N\u00e4sbyn nr 6.<\/p>\n<p>Men vilka \u00e4r det som syns p\u00e5 bilden. Dateringen g\u00f6r att det antagligen inte \u00e4r n\u00e5gra fr\u00e5n sl\u00e4kten Bergman, utan snarare en ny \u00e4gare eller hyresg\u00e4st.<\/p>\n<p>Not: G\u00e5rden gick ur sl\u00e4ktens \u00e4go runt sekelskiftet 1900, och brann slutligen ner p\u00e5 1920-talet. Idag ligger det n\u00e5gra villor vid Vinkelgatan, vid det som tidigare varit g\u00e5rdstomten. Nedanf\u00f6r brusar E4 f\u00f6rbi. Men nere vid \u00e4lvstranden kan man \u00e4n idag g\u00e5 ut p\u00e5 Johan Bergman Olsons gamla pir &#8211; byns l\u00e4ngsta brygga.<\/p>\n<p><em>Magnus Cedergren<\/em><\/p>\n","protected":false},"excerpt":{"rendered":"<p>Det \u00e4r mycket ont om bilder p\u00e5 Johan Bergman Olsons hemg\u00e5rd i kalixbyn N\u00e4sbyn. H\u00e4r har jag f\u00e5tt en bild av min gode v\u00e4n och kalixk\u00e4nnaren Bengt-G\u00f6ran Nilsson i Kalix. Efter lite klurande kom vi gemensamt fram till att detta &hellip; <a href=\"https:\/\/blogg.bergmanolson.se\/?p=1026\">Forts\u00e4tt l\u00e4sa <span class=\"meta-nav\">&rarr;<\/span><\/a><\/p>\n","protected":false},"author":1,"featured_media":0,"comment_status":"open","ping_status":"open","sticky":false,"template":"","format":"standard","meta":[],"categories":[1],"tags":[],"_links":{"self":[{"href":"https:\/\/blogg.bergmanolson.se\/index.php?rest_route=\/wp\/v2\/posts\/1026"}],"collection":[{"href":"https:\/\/blogg.bergmanolson.se\/index.php?rest_route=\/wp\/v2\/posts"}],"about":[{"href":"https:\/\/blogg.bergmanolson.se\/index.php?rest_route=\/wp\/v2\/types\/post"}],"author":[{"embeddable":true,"href":"https:\/\/blogg.bergmanolson.se\/index.php?rest_route=\/wp\/v2\/users\/1"}],"replies":[{"embeddable":true,"href":"https:\/\/blogg.bergmanolson.se\/index.php?rest_route=%2Fwp%2Fv2%2Fcomments&post=1026"}],"version-history":[{"count":4,"href":"https:\/\/blogg.bergmanolson.se\/index.php?rest_route=\/wp\/v2\/posts\/1026\/revisions"}],"predecessor-version":[{"id":1031,"href":"https:\/\/blogg.bergmanolson.se\/index.php?rest_route=\/wp\/v2\/posts\/1026\/revisions\/1031"}],"wp:attachment":[{"href":"https:\/\/blogg.bergmanolson.se\/index.php?rest_route=%2Fwp%2Fv2%2Fmedia&parent=1026"}],"wp:term":[{"taxonomy":"category","embeddable":true,"href":"https:\/\/blogg.bergmanolson.se\/index.php?rest_route=%2Fwp%2Fv2%2Fcategories&post=1026"},{"taxonomy":"post_tag","embeddable":true,"href":"https:\/\/blogg.bergmanolson.se\/index.php?rest_route=%2Fwp%2Fv2%2Ftags&post=1026"}],"curies":[{"name":"wp","href":"https:\/\/api.w.org\/{rel}","templated":true}]}}