{"id":400,"date":"2010-10-18T20:00:18","date_gmt":"2010-10-18T20:00:18","guid":{"rendered":"http:\/\/blogg.bergmanolson.se\/?p=400"},"modified":"2010-10-18T20:00:18","modified_gmt":"2010-10-18T20:00:18","slug":"siljansgarden-i-tallberg-27-298-2010","status":"publish","type":"post","link":"https:\/\/blogg.bergmanolson.se\/?p=400","title":{"rendered":"Siljansg\u00e5rden i T\u00e4llberg  27 &#8211; 29\/8 2010"},"content":{"rendered":"<div id='gallery-1' class='gallery galleryid-400 gallery-columns-3 gallery-size-thumbnail'><dl class='gallery-item'>\n\t\t\t<dt class='gallery-icon portrait'>\n\t\t\t\t<a href='https:\/\/blogg.bergmanolson.se\/?attachment_id=405'><img width=\"150\" height=\"150\" src=\"https:\/\/media.bergmanolson.se\/2010\/10\/Siljansg\u00e5rden-004-150x150.jpg\" class=\"attachment-thumbnail size-thumbnail\" alt=\"\" decoding=\"async\" loading=\"lazy\" \/><\/a>\n\t\t\t<\/dt><\/dl><dl class='gallery-item'>\n\t\t\t<dt class='gallery-icon portrait'>\n\t\t\t\t<a href='https:\/\/blogg.bergmanolson.se\/?attachment_id=431'><img width=\"150\" height=\"150\" src=\"https:\/\/media.bergmanolson.se\/2010\/10\/Siljansg\u00e5rden-015-150x150.jpg\" class=\"attachment-thumbnail size-thumbnail\" alt=\"\" decoding=\"async\" loading=\"lazy\" aria-describedby=\"gallery-1-431\" \/><\/a>\n\t\t\t<\/dt>\n\t\t\t\t<dd class='wp-caption-text gallery-caption' id='gallery-1-431'>\n\t\t\t\tSigne Alm\n\t\t\t\t<\/dd><\/dl><dl class='gallery-item'>\n\t\t\t<dt class='gallery-icon landscape'>\n\t\t\t\t<a href='https:\/\/blogg.bergmanolson.se\/?attachment_id=404'><img width=\"150\" height=\"150\" src=\"https:\/\/media.bergmanolson.se\/2010\/10\/Siljansg\u00e5rden-001-150x150.jpg\" class=\"attachment-thumbnail size-thumbnail\" alt=\"\" decoding=\"async\" loading=\"lazy\" \/><\/a>\n\t\t\t<\/dt><\/dl><br style=\"clear: both\" \/><dl class='gallery-item'>\n\t\t\t<dt class='gallery-icon landscape'>\n\t\t\t\t<a href='https:\/\/blogg.bergmanolson.se\/?attachment_id=425'><img width=\"150\" height=\"150\" src=\"https:\/\/media.bergmanolson.se\/2010\/10\/Siljansg\u00e5rden-010-150x150.jpg\" class=\"attachment-thumbnail size-thumbnail\" alt=\"\" decoding=\"async\" loading=\"lazy\" \/><\/a>\n\t\t\t<\/dt><\/dl><dl class='gallery-item'>\n\t\t\t<dt class='gallery-icon landscape'>\n\t\t\t\t<a href='https:\/\/blogg.bergmanolson.se\/?attachment_id=424'><img width=\"150\" height=\"150\" src=\"https:\/\/media.bergmanolson.se\/2010\/10\/Siljansg\u00e5rden-009-150x150.jpg\" class=\"attachment-thumbnail size-thumbnail\" alt=\"\" decoding=\"async\" loading=\"lazy\" \/><\/a>\n\t\t\t<\/dt><\/dl><dl class='gallery-item'>\n\t\t\t<dt class='gallery-icon portrait'>\n\t\t\t\t<a href='https:\/\/blogg.bergmanolson.se\/?attachment_id=423'><img width=\"150\" height=\"150\" src=\"https:\/\/media.bergmanolson.se\/2010\/10\/Siljansg\u00e5rden-008-150x150.jpg\" class=\"attachment-thumbnail size-thumbnail\" alt=\"\" decoding=\"async\" loading=\"lazy\" \/><\/a>\n\t\t\t<\/dt><\/dl><br style=\"clear: both\" \/><dl class='gallery-item'>\n\t\t\t<dt class='gallery-icon portrait'>\n\t\t\t\t<a href='https:\/\/blogg.bergmanolson.se\/?attachment_id=422'><img width=\"150\" height=\"150\" src=\"https:\/\/media.bergmanolson.se\/2010\/10\/Siljansg\u00e5rden-007-150x150.jpg\" class=\"attachment-thumbnail size-thumbnail\" alt=\"\" decoding=\"async\" loading=\"lazy\" \/><\/a>\n\t\t\t<\/dt><\/dl><dl class='gallery-item'>\n\t\t\t<dt class='gallery-icon landscape'>\n\t\t\t\t<a href='https:\/\/blogg.bergmanolson.se\/?attachment_id=421'><img width=\"150\" height=\"150\" src=\"https:\/\/media.bergmanolson.se\/2010\/10\/Siljansg\u00e5rden-006-150x150.jpg\" class=\"attachment-thumbnail size-thumbnail\" alt=\"\" decoding=\"async\" loading=\"lazy\" \/><\/a>\n\t\t\t<\/dt><\/dl><dl class='gallery-item'>\n\t\t\t<dt class='gallery-icon portrait'>\n\t\t\t\t<a href='https:\/\/blogg.bergmanolson.se\/?attachment_id=420'><img width=\"150\" height=\"150\" src=\"https:\/\/media.bergmanolson.se\/2010\/10\/Siljansg\u00e5rden-005-150x150.jpg\" class=\"attachment-thumbnail size-thumbnail\" alt=\"\" decoding=\"async\" loading=\"lazy\" \/><\/a>\n\t\t\t<\/dt><\/dl><br style=\"clear: both\" \/><dl class='gallery-item'>\n\t\t\t<dt class='gallery-icon landscape'>\n\t\t\t\t<a href='https:\/\/blogg.bergmanolson.se\/?attachment_id=427'><img width=\"150\" height=\"150\" src=\"https:\/\/media.bergmanolson.se\/2010\/10\/Siljansg\u00e5rden-014-150x150.jpg\" class=\"attachment-thumbnail size-thumbnail\" alt=\"\" decoding=\"async\" loading=\"lazy\" \/><\/a>\n\t\t\t<\/dt><\/dl><dl class='gallery-item'>\n\t\t\t<dt class='gallery-icon portrait'>\n\t\t\t\t<a href='https:\/\/blogg.bergmanolson.se\/?attachment_id=419'><img width=\"150\" height=\"150\" src=\"https:\/\/media.bergmanolson.se\/2010\/10\/Siljansg\u00e5rden-003-150x150.jpg\" class=\"attachment-thumbnail size-thumbnail\" alt=\"\" decoding=\"async\" loading=\"lazy\" \/><\/a>\n\t\t\t<\/dt><\/dl><dl class='gallery-item'>\n\t\t\t<dt class='gallery-icon portrait'>\n\t\t\t\t<a href='https:\/\/blogg.bergmanolson.se\/?attachment_id=418'><img width=\"150\" height=\"150\" src=\"https:\/\/media.bergmanolson.se\/2010\/10\/Siljansg\u00e5rden-002-150x150.jpg\" class=\"attachment-thumbnail size-thumbnail\" alt=\"\" decoding=\"async\" loading=\"lazy\" \/><\/a>\n\t\t\t<\/dt><\/dl><br style=\"clear: both\" \/>\n\t\t<\/div>\n\n<p>17 fr\u00e4nder h\u00f6rsammade inbjudan fr\u00e5n 5252 Signe Alm till Siljansg\u00e5rden i T\u00e4llberg.<br \/>\nAvsikten var att ge fr\u00e4nderna en sista m\u00f6jlighet att under Signes guidning se g\u00e5rden. Den  blev tyv\u00e4rr s\u00e5ld p\u00e5 exekutiv auktion april 2010 och enligt kontraktet skall Signe l\u00e4mna den i b\u00f6rjan av oktober. Det g\u00e4ller \u00e4ven sonen Olof som &#8221;kockar&#8221; p\u00e5 g\u00e5rden.<br \/>\nNy \u00e4gare blev \u00e4garen till Greens hotell i T\u00e4llberg. Han har uttalat en vilja att varsamt g\u00f6ra v\u00e4lbeh\u00f6vlig upprustning och modernisering.<\/p>\n<p>Siljansg\u00e5rden \u00e4r ett livsverk av Signes far Harald Alm och hans f\u00f6rsta hustru Signe Bergner. Fr\u00e5n b\u00f6rjan av 1920 -talet byggde de succesivt upp en kurs- och g\u00e4sthemsverksamhet som f\u00e5tt stor kulturell betydelse l\u00e5ngt utanf\u00f6r T\u00e4llbergs gr\u00e4nser. De f\u00f6rverkligade h\u00e4r sina dr\u00f6mmar om att f\u00e5 ge barn en ny typ av undervisning, som mycket byggde p\u00e5 Pestalozzis ide\u00e9r och som idag \u00e5terfinns i Waldorff- och Montesouripedagogiken. De startade 1926 sommarkurser som snart ocks\u00e5 blev vinterinternat och tog emot elever fr\u00e5n 9 \u00e5rs \u00e5lder. &#8221;Etablissemanget&#8221; med Skol\u00f6verstyrelsen motarbetade denna tidiga form av friskola och vinterinternat upph\u00f6rde 1942.<\/p>\n<p>&#8221;En sund sj\u00e4l i en sund kropp&#8221; var ett av ledorden i skolan. Hemmet och den psykosociala sidans betydelse f\u00f6r barnens skolg\u00e5ng omhuldades och f\u00f6reningen &#8221;Hem och Skola&#8221; fick h\u00e4r inspiration till sin start. Kurser gavs f\u00f6r l\u00e4rare och andra intresserade om pedagogiken med nationella och internationella f\u00f6rel\u00e4sare.<\/p>\n<p>Under mellankrigstiden v\u00e4xte intresset f\u00f6r folkbildning i Sverige. I denna anda startade Harald och Signe internationella sommarkurser \u00e4ven f\u00f6r vuxna. F\u00f6rel\u00e4sare och kursdeltagare kom fr\u00e5n b\u00e5de Sverige som utlandet. M\u00e5nga av tongivande kulturpersonligheter passerade revy t.ex. br\u00f6derna Sven och Herman Stolpe, Gustav Petr\u00e9n, Sandro Key-\u00c5berg m.fl.<\/p>\n<p>Alls\u00e5ngen i Sverige fann h\u00e4r ocks\u00e5 sin vagga. En tysk professor och k\u00f6rledare, Fritz J\u00f6de, engagerades och ledde sommarkurser och Alice Tegn\u00e9r fanns bland g\u00e4sterna. Kurser i kostens betydelse gavs ocks\u00e5 under flera \u00e5r.<\/p>\n<p>Paret Alm k\u00f6pte gamla dalahus och flyttade dem till Siljansg\u00e5rden. Det \u00e4ldsta husets ena halva \u00e4r fr\u00e5n 1300-talet och den andra delen fr\u00e5n 1500-talet och \u00e4r kulturminnesm\u00e4rkt. Sammanlagt finns drygt 20-tal byggnader i gammal god dalastil och g\u00e5rden har beh\u00e5llit sin ursprungliga karakt\u00e4r trots sm\u00e4rre moderniseringar under \u00e5rens lopp. Sedvanlig g\u00e4sthemsverksamhet bedrevs ocks\u00e5 fortl\u00f6pande.<\/p>\n<p>Efter Haralds d\u00f6d 1976 fick allts\u00e5 dottern Signe ta \u00f6ver och har drivit g\u00e5rden fram till nu som g\u00e4sthem. Dyra ombyggnader, fr\u00e4mst \u00e5lagda fr\u00e5n brand- och milj\u00f6skyddsmyndigheter, blev f\u00f6r mycket f\u00f6r en redan k\u00e4mpande ekonomi och f\u00f6rs\u00e4ljning blev n\u00f6dv\u00e4ndig.<br \/>\nSigne guidade oss fr\u00e4nder p\u00e5 ett f\u00f6rn\u00e4mlig s\u00e4tt och hennes ber\u00e4ttarkonst gav liv \u00e5t g\u00e5rdens historia och alla beundransv\u00e4rda hus. L\u00e4get ner mot Siljan \u00e4r uts\u00f6kt vackert och vi gjorde sk\u00f6na promenader l\u00e4ngs str\u00e4nderna. Extra turligt var att &#8221;Jazz vid Siljan&#8221; intr\u00e4ffade samtidigt Njutbar musik under tv\u00e5 kv\u00e4llar med Sandviken Big Band med elittrumpetaren Peter Asplund och s\u00e5ngerskan Meta Roos.<\/p>\n<p>Det blev ett uppskattat bes\u00f6k p\u00e5 Siljansg\u00e5rden i genuin dalastil och med en intressant historia &#8211; allt ett verk av en JBO-\u00e4ttling och hans hustru. Alla k\u00e4nner vi starkt f\u00f6r Signe som av allt att d\u00f6ma nu m\u00e5ste l\u00e4mna sin fars livsverk. Siljansg\u00e5rden och dess historia \u00e4r nog f\u00f6r de flesta fr\u00e4nder ganska ok\u00e4nd. Stort tack till Signe Alm som ordnade detta m\u00f6te och tog emot oss s\u00e5 fint.<\/p>\n<p>-vid pennan Hans Frykman, en av deltagarna och f\u00f6reningens sekreterare.<\/p>\n","protected":false},"excerpt":{"rendered":"<p>17 fr\u00e4nder h\u00f6rsammade inbjudan fr\u00e5n 5252 Signe Alm till Siljansg\u00e5rden i T\u00e4llberg. Avsikten var att ge fr\u00e4nderna en sista m\u00f6jlighet att under Signes guidning se g\u00e5rden. Den blev tyv\u00e4rr s\u00e5ld p\u00e5 exekutiv auktion april 2010 och enligt kontraktet skall Signe &hellip; <a href=\"https:\/\/blogg.bergmanolson.se\/?p=400\">Forts\u00e4tt l\u00e4sa <span class=\"meta-nav\">&rarr;<\/span><\/a><\/p>\n","protected":false},"author":1,"featured_media":0,"comment_status":"open","ping_status":"open","sticky":false,"template":"","format":"standard","meta":[],"categories":[3],"tags":[25,24],"_links":{"self":[{"href":"https:\/\/blogg.bergmanolson.se\/index.php?rest_route=\/wp\/v2\/posts\/400"}],"collection":[{"href":"https:\/\/blogg.bergmanolson.se\/index.php?rest_route=\/wp\/v2\/posts"}],"about":[{"href":"https:\/\/blogg.bergmanolson.se\/index.php?rest_route=\/wp\/v2\/types\/post"}],"author":[{"embeddable":true,"href":"https:\/\/blogg.bergmanolson.se\/index.php?rest_route=\/wp\/v2\/users\/1"}],"replies":[{"embeddable":true,"href":"https:\/\/blogg.bergmanolson.se\/index.php?rest_route=%2Fwp%2Fv2%2Fcomments&post=400"}],"version-history":[{"count":23,"href":"https:\/\/blogg.bergmanolson.se\/index.php?rest_route=\/wp\/v2\/posts\/400\/revisions"}],"predecessor-version":[{"id":440,"href":"https:\/\/blogg.bergmanolson.se\/index.php?rest_route=\/wp\/v2\/posts\/400\/revisions\/440"}],"wp:attachment":[{"href":"https:\/\/blogg.bergmanolson.se\/index.php?rest_route=%2Fwp%2Fv2%2Fmedia&parent=400"}],"wp:term":[{"taxonomy":"category","embeddable":true,"href":"https:\/\/blogg.bergmanolson.se\/index.php?rest_route=%2Fwp%2Fv2%2Fcategories&post=400"},{"taxonomy":"post_tag","embeddable":true,"href":"https:\/\/blogg.bergmanolson.se\/index.php?rest_route=%2Fwp%2Fv2%2Ftags&post=400"}],"curies":[{"name":"wp","href":"https:\/\/api.w.org\/{rel}","templated":true}]}}