{"id":609,"date":"2011-05-29T18:20:24","date_gmt":"2011-05-29T18:20:24","guid":{"rendered":"http:\/\/blogg.bergmanolson.se\/?p=609"},"modified":"2011-05-29T18:20:24","modified_gmt":"2011-05-29T18:20:24","slug":"waldemarsuddedagen-minst-100-ar-till","status":"publish","type":"post","link":"https:\/\/blogg.bergmanolson.se\/?p=609","title":{"rendered":"Waldemarsuddedagen &#8211; minst 100 \u00e5r till!"},"content":{"rendered":"<h3>&#8221;JBO&#8217;are minst 100 \u00e5r yngre tack vare Valdemarsuddedagen 21\/5 2011&#8221;.<\/h3>\n<p>Trots inst\u00e4llda bussar p.g.a. demonstrationer och en alldeles f\u00f6r sen kallelse  (eng\u00e5ngsf\u00f6reteelse!) s\u00e5 kom \u00e4nd\u00e5 21 fr\u00e4nder till Gamla Kvarnen. Str\u00e5lande v\u00e4der.<\/p>\n<p>Hans Frykman inledde med minnesord om v\u00e5r avlidna hedersmedlem Birgitta Sandblad, som lugnt och stilla avlidit 95 \u00e5r gammal. Hennes insatser f\u00f6r f\u00f6reningen \u00e4r ov\u00e4rderliga.<\/p>\n<p>Ulla-Britta Roos fr\u00e5n den nya sl\u00e4ktgrenen &#8221;Olof&#8221; ber\u00e4ttade sedan om JBO&#8217;s 9 \u00e5r yngre broder Olof. Han hj\u00e4lpte sin \u00e4ldre bror med b\u00e5de aff\u00e4rer och r\u00e4kenskaper och f\u00f6rblev stockholmare allt ifr\u00e5n flytten hemifr\u00e5n p\u00e5 1830-talet. Han blev en viktig kugge i verksamheten. Fin skildring av denna nya gren med 43 medlemmar, sm\u00e5barn inr\u00e4knade.<\/p>\n<p>Efter sedvanlig spisning och fr\u00e4ndeliga kontakter och konversationer avslutades sedan dagen med &#8221;Slower Ageing&#8221;. I en framst\u00e4llning gav d\u00e4r Hans Frykman r\u00e5d och tips som torde f\u00f6rl\u00e4nga livet p\u00e5 var och en minst 5 \u00e5r.  S\u00e5 de som tagit sig till m\u00f6tet vann minst 100 \u00e5r tillsammans!<\/p>\n<p>Se d\u00e4r vad man kan missa om man inte omhuldar v\u00e5r nu  4-\u00e5riga tradition &#8211; att m\u00f6tas vid Gamla Kvarnen p\u00e5 Valdemarsudde d\u00e4r JBO&#8217;s minne alltid \u00e4r extra levande.<\/p>\n<p>V\u00e4lkomna till 5-\u00e5rsjubileet om precis ett \u00e5r! Kryssa agendan!<\/p>\n<p>Fr\u00e4ndeliga h\u00e4lsningar!<br \/>\n<em>Hans Frykman, sekr., m\u00f6tesledare och rapport\u00f6r.<\/em><\/p>\n","protected":false},"excerpt":{"rendered":"<p>&#8221;JBO&#8217;are minst 100 \u00e5r yngre tack vare Valdemarsuddedagen 21\/5 2011&#8221;. Trots inst\u00e4llda bussar p.g.a. demonstrationer och en alldeles f\u00f6r sen kallelse (eng\u00e5ngsf\u00f6reteelse!) s\u00e5 kom \u00e4nd\u00e5 21 fr\u00e4nder till Gamla Kvarnen. Str\u00e5lande v\u00e4der. Hans Frykman inledde med minnesord om v\u00e5r avlidna &hellip; <a href=\"https:\/\/blogg.bergmanolson.se\/?p=609\">Forts\u00e4tt l\u00e4sa <span class=\"meta-nav\">&rarr;<\/span><\/a><\/p>\n","protected":false},"author":1,"featured_media":0,"comment_status":"open","ping_status":"open","sticky":false,"template":"","format":"standard","meta":[],"categories":[1],"tags":[],"_links":{"self":[{"href":"https:\/\/blogg.bergmanolson.se\/index.php?rest_route=\/wp\/v2\/posts\/609"}],"collection":[{"href":"https:\/\/blogg.bergmanolson.se\/index.php?rest_route=\/wp\/v2\/posts"}],"about":[{"href":"https:\/\/blogg.bergmanolson.se\/index.php?rest_route=\/wp\/v2\/types\/post"}],"author":[{"embeddable":true,"href":"https:\/\/blogg.bergmanolson.se\/index.php?rest_route=\/wp\/v2\/users\/1"}],"replies":[{"embeddable":true,"href":"https:\/\/blogg.bergmanolson.se\/index.php?rest_route=%2Fwp%2Fv2%2Fcomments&post=609"}],"version-history":[{"count":6,"href":"https:\/\/blogg.bergmanolson.se\/index.php?rest_route=\/wp\/v2\/posts\/609\/revisions"}],"predecessor-version":[{"id":615,"href":"https:\/\/blogg.bergmanolson.se\/index.php?rest_route=\/wp\/v2\/posts\/609\/revisions\/615"}],"wp:attachment":[{"href":"https:\/\/blogg.bergmanolson.se\/index.php?rest_route=%2Fwp%2Fv2%2Fmedia&parent=609"}],"wp:term":[{"taxonomy":"category","embeddable":true,"href":"https:\/\/blogg.bergmanolson.se\/index.php?rest_route=%2Fwp%2Fv2%2Fcategories&post=609"},{"taxonomy":"post_tag","embeddable":true,"href":"https:\/\/blogg.bergmanolson.se\/index.php?rest_route=%2Fwp%2Fv2%2Ftags&post=609"}],"curies":[{"name":"wp","href":"https:\/\/api.w.org\/{rel}","templated":true}]}}